{"id":16754,"date":"2023-10-13T18:41:30","date_gmt":"2023-10-13T22:41:30","guid":{"rendered":"https:\/\/www.toonboom.com\/lighthouse-studios-capturer-lexperience-de-la-perte-auditive-dans-el-deafo\/"},"modified":"2025-05-30T12:12:19","modified_gmt":"2025-05-30T16:12:19","slug":"lighthouse-studios-capturer-lexperience-de-la-perte-auditive-dans-el-deafo","status":"publish","type":"post","link":"https:\/\/www.toonboom.com\/fr\/lighthouse-studios-capturer-lexperience-de-la-perte-auditive-dans-el-deafo","title":{"rendered":"Lighthouse Studios : capturer l'exp\u00e9rience de la perte auditive dans El Deafo"},"content":{"rendered":"\n<p><em>El Deafo<\/em> est une adaptation prim\u00e9e aux BAFTA des m\u00e9moires graphiques du m\u00eame nom de <a href=\"https:\/\/www.instagram.com\/cecebellbooks\">Cece Bell<\/a>, best-seller du New York Times, bas\u00e9es sur les exp\u00e9riences de l'auteur qui a grandi avec une perte soudaine de l'ou\u00efe. La mini-s\u00e9rie anim\u00e9e raconte l'histoire d'une jeune fille, Cece, qui apprend \u00e0 naviguer dans le monde apr\u00e8s avoir perdu soudainement l'ou\u00efe \u00e0 la suite d'une maladie. Incapable de trouver sa voix, Cece cr\u00e9e un alter ego appel\u00e9 <em>El Deafo<\/em> pour la d\u00e9fendre dans son imagination, et utilise ces fantasmes pour prendre confiance en elle afin de se faire des amis et de se d\u00e9fendre dans le monde r\u00e9el.<\/p>\n\n<p>La s\u00e9rie raconte l'histoire du point de vue de Cece et utilise une conception sonore intelligente pour partager l'exp\u00e9rience des sourds et donner un aper\u00e7u de la vie avec une perte auditive. <em>El Deafo<\/em> a \u00e9t\u00e9 produit pour l'Apple TV+ par <a href=\"https:\/\/lighthousestudios.ie\/\">Lighthouse Studios<\/a>. La s\u00e9rie a \u00e9t\u00e9 r\u00e9compens\u00e9e par un BAFTA, le prix Jeunesse et le prix Humanitas, et a \u00e9galement \u00e9t\u00e9 nomin\u00e9e aux Emmy Awards.  <\/p>\n\n<p>Nous avons rencontr\u00e9 la r\u00e9alisatrice, Gilly Fogg, et le monteur, Mark Gilleece, pour en savoir plus sur le processus d'animation d'<em>El Deafo<\/em>. Nous discutons de l'exp\u00e9rience de collaboration avec Cece Bell, productrice ex\u00e9cutive, et de la mani\u00e8re dont l'\u00e9quipe a utilis\u00e9 la conception sonore pour transmettre son histoire.  <\/p>\n\n<figure class=\"wp-block-embed is-type-video is-provider-youtube wp-block-embed-youtube wp-embed-aspect-16-9 wp-has-aspect-ratio\"><div class=\"wp-block-embed__wrapper\">\n<iframe title=\"El Deafo \u2014 Official Trailer | Apple TV+\" width=\"500\" height=\"281\" src=\"https:\/\/www.youtube.com\/embed\/SqZ9ncOYRS4?feature=oembed\" frameborder=\"0\" allow=\"accelerometer; autoplay; clipboard-write; encrypted-media; gyroscope; picture-in-picture; web-share\" referrerpolicy=\"strict-origin-when-cross-origin\" allowfullscreen loading=\"lazy\"><\/iframe>\n<\/div><figcaption class=\"wp-element-caption\">Bas\u00e9 sur le roman graphique best-seller du New York Times, El Deafo est <a href=\"https:\/\/tv.apple.com\/us\/show\/el-deafo\/umc.cmc.775eomzc9ljfk7bop9shbu7m0\">d\u00e9sormais disponible en streaming sur l'Apple TV+<\/a>.<\/figcaption><\/figure>\n\n<h2 class=\"wp-block-heading\"><strong>Parlez-nous un peu de Lighthouse Studios<\/strong>. Comment d\u00e9cririez-vous le travail de votre studio ?<\/h2>\n\n<p><strong>Gilly : <\/strong>Lighthouse Studios est un studio d'animation bas\u00e9 \u00e0 Kilkenny, en Irlande. Le studio a \u00e9t\u00e9 cofond\u00e9 par <a href=\"https:\/\/www.mercuryfilms.ca\/\">Mercury Films<\/a>, \u00e0 Ottawa, et <a href=\"https:\/\/www.cartoonsaloon.ie\/\">Cartoon Saloon<\/a>, \u00e9galement bas\u00e9 \u00e0 Kilkenny, une ville avec un fort h\u00e9ritage artistique et un emplacement parfait pour deux studios d'animation !  <\/p>\n\n<p>Chez Lighthouse, nous fournissons des services aux radiodiffuseurs du monde entier et nous d\u00e9veloppons \u00e9galement notre propre propri\u00e9t\u00e9 intellectuelle. Je travaille pour Lighthouse depuis sa cr\u00e9ation en 2017. Des \u00e9quipes du monde entier travaillent au Lighthouse, et je suis moi-m\u00eame irlandaise et canadienne, de sorte qu'un studio irlando-canadien me convenait parfaitement.  <\/p>\n\n<figure class=\"wp-block-image size-large\"><img decoding=\"async\" loading=\"lazy\" src=\"https:\/\/cdn3.toonboom.com\/wp-content\/uploads\/2025\/05\/29115910\/El_Deafo_KILKENNY_086.jpg\" alt=\"\" class=\"wp-image-20007\"\/><figcaption class=\"wp-element-caption\">Un extrait du roman graphique de Cece Bell montre comment le livre illustre l'exp\u00e9rience de l'audition d'un discours d\u00e9form\u00e9.<\/figcaption><\/figure>\n<h2 class=\"wp-block-heading\"><strong>Comment Lighthouse Studios a-t-il \u00e9t\u00e9 impliqu\u00e9 dans la s\u00e9rie El Deafo ?<\/strong><\/h2>\n\n<p><strong>Gilly : <\/strong>Mon amour pour <em>El Deafo<\/em> remonte \u00e0 bien longtemps, avant m\u00eame que je ne travaille au Lighthouse. Je vivais en Nouvelle-\u00c9cosse lorsque j'ai d\u00e9couvert ce livre. Mes enfants avaient ramen\u00e9 le livre de la biblioth\u00e8que. Ils \u00e9taient tr\u00e8s enthousiastes et m'ont dit : \"Maman, il <em>faut que<\/em> tu le lises\". Je l'ai fait et j'en suis tomb\u00e9e amoureuse.  <\/p>\n\n<p>Lorsque je suis arriv\u00e9e \u00e0 Lighthouse, notre premi\u00e8re s\u00e9rie \u00e9tait <em>Bug Diaries<\/em> pour Amazon Prime Kids, qui \u00e9tait alors dirig\u00e9e par Tara Sorenson. J'avais entendu dire que Tara \u00e9tait \u00e9galement une fan du livre, et nous avons donc pr\u00e9par\u00e9 un dossier et lui avons propos\u00e9 une adaptation d'<em>El Deafo<\/em>. \u00c0 l'\u00e9poque, nous n'avons rien entendu, mais des mois plus tard, lorsque Tara est devenue responsable des programmes pour enfants chez Apple TV+, elle nous a fait savoir qu'Apple TV+ allait produire <em>El Deafo<\/em> et qu'ils voulaient que Lighthouse le produise, et c'est ainsi que le projet nous est parvenu \u00e0 Kilkenny !<\/p>\n\n<h2 class=\"wp-block-heading\"><strong>Qu'est-ce qui vous a pouss\u00e9s tous les deux \u00e0 travailler sur l'adaptation d'El Deafo d'un livre \u00e0 une s\u00e9rie anim\u00e9e ?  <\/strong><\/h2>\n\n<p><strong>Gilly : <\/strong>En plus d'aimer le livre, j'ai voulu faire la s\u00e9rie parce que j'ai senti que l'histoire pouvait prendre vie d'une nouvelle mani\u00e8re gr\u00e2ce \u00e0 la conception sonore, et que le public pouvait vraiment se retrouver dans le monde de Cece. Le livre utilise des bulles sonores pour transmettre l'exp\u00e9rience de la perte auditive de Cece. Il y a des l\u00e9gendes avec des dialogues et des l\u00e9gendes compl\u00e8tement vides. Ces bulles vides indiquent au lecteur que Cece n'entend pas ce qui est dit. Le livre raconte l'histoire par le biais d'images et d'\u00e9crits, mais c'est avant tout une question de son, de ce que l'on entend et de ce que l'on n'entend pas. J'\u00e9tais tr\u00e8s enthousiaste \u00e0 l'id\u00e9e d'ajouter cet \u00e9l\u00e9ment.  <\/p>\n\n<p>Avec une s\u00e9rie anim\u00e9e, nous avons pens\u00e9 que nous pouvions utiliser le design sonore pour repr\u00e9senter cette exp\u00e9rience. Dans la s\u00e9rie <em>El Deafo<\/em>, apr\u00e8s que Cece soit tomb\u00e9e malade dans le premier \u00e9pisode, certains sons sont \u00e9touff\u00e9s. Les personnages ne sont parfois pas enti\u00e8rement audibles. Le public peut suivre ce qui se passe gr\u00e2ce aux sous-titres, mais cette utilisation du design sonore imite la sensation inconfortable d'\u00eatre emp\u00each\u00e9 de comprendre ce qui se passe autour de soi. Tout comme la jeune Cece.  <\/p>\n\n<p>Ce qui a s\u00e9duit l'ensemble de l'\u00e9quipe, c'est le fait que nous allions travailler sur une histoire r\u00e9elle. Et que nous allions pouvoir travailler directement avec la cr\u00e9atrice, Cece Bell. Toute l'\u00e9quipe a estim\u00e9 que la r\u00e9alisation de la s\u00e9rie \u00e9tait l'occasion de raconter une histoire vraiment importante. Nous savions qu'<em>El Deafo<\/em> pourrait avoir un impact r\u00e9el sur les t\u00e9l\u00e9spectateurs, en offrant une perspective rarement vue (ou entendue).<\/p>\n\n<p><strong>Mark : <\/strong>J'ai \u00e9t\u00e9 impliqu\u00e9 dans la phase de lancement, lorsque nous \u00e9tions en train de mettre au point l'ensemble <em>El Deafo<\/em>. \u00c0 l'\u00e9poque, j'\u00e9tais occup\u00e9 par une autre s\u00e9rie au studio et je n'avais donc pas encore lu les livres. Une fois que nous avons eu le feu vert d'Apple TV+, Gilly m'a dit qu'il \u00e9tait temps de le lire, parce que le projet \u00e9tait r\u00e9el.  <\/p>\n\n<p>Je m'attendais \u00e0 quelque chose de compl\u00e8tement diff\u00e9rent du livre. Je savais qu'il s'agissait d'une repr\u00e9sentation importante. Et cela m'a enthousiasm\u00e9. Mais j'ai \u00e9t\u00e9 compl\u00e8tement \u00e9poustoufl\u00e9e par l'amour que j'ai eu non seulement pour l'histoire, mais aussi pour les personnages. En particulier Cece.  <\/p>\n\n<p>J'ai \u00e9t\u00e9 tr\u00e8s impressionn\u00e9e par la fa\u00e7on dont le personnage de Cece appara\u00eet comme un enfant comme les autres. Elle est tout \u00e0 fait racontable, mais avec une exp\u00e9rience de la surdit\u00e9 qui est si parfaitement transmise. L'histoire est tellement universelle et attrayante que j'\u00e9tais tr\u00e8s enthousiaste \u00e0 l'id\u00e9e de l'adapter en s\u00e9rie anim\u00e9e.  <\/p>\n\n<figure class=\"wp-block-image size-large\"><img decoding=\"async\" loading=\"lazy\" src=\"https:\/\/www.toonboom.com\/wp-content\/uploads\/2025\/05\/image40-86-867x1024.jpeg\" alt=\"\" class=\"wp-image-20021\"\/><figcaption class=\"wp-element-caption\">Document de conception pr\u00e9liminaire, d\u00e9montrant le processus d'adaptation des dessins des personnages du livre \u00e0 l'animation. Image fournie par Lighthouse Studios.<\/figcaption><\/figure>\n<h2 class=\"wp-block-heading\"><strong>Dans quelle mesure les livres de Cece Bell ont-ils influenc\u00e9 ou fa\u00e7onn\u00e9 la s\u00e9rie anim\u00e9e, et comment votre \u00e9quipe a-t-elle abord\u00e9 cette adaptation ?  <\/strong><\/h2>\n\n<p><strong>Gilly : <\/strong>Nous avons suivi le livre de tr\u00e8s pr\u00e8s. L'objectif est de l'honorer et non de s'en \u00e9carter. Il \u00e9tait extr\u00eamement important que Cece soit notre guide et que nous nous assurions que nous reprenions fid\u00e8lement son exp\u00e9rience. En outre, nous voulions nous assurer que l'\u0153uvre d'art \u00e9tait aussi proche que possible du livre de Cece. Quelques modifications mineures ont \u00e9t\u00e9 apport\u00e9es aux personnages du roman graphique pour les besoins de l'animation. Mais nous sommes rest\u00e9s fid\u00e8les aux intentions initiales de Cece, qui voulait que les personnages - tous dessin\u00e9s comme des lapins - attirent l'attention sur les oreilles. Nous voulions donner vie \u00e0 l'histoire du livre. Chaque fois que nous avions une question sur quelque chose, nous nous tournions vers le livre pour obtenir des r\u00e9ponses. Tout ce qui a \u00e9t\u00e9 introduit dans la s\u00e9rie a \u00e9t\u00e9 cr\u00e9\u00e9 par Cece, ou par Cece et nous ensemble.<\/p>\n\n<h2 class=\"wp-block-heading\"><strong>Quelle a \u00e9t\u00e9 votre relation avec Cece Bell tout au long de la production, et dans quelle mesure a-t-elle \u00e9t\u00e9 impliqu\u00e9e dans les d\u00e9cisions de production ?  <\/strong><\/h2>\n\n<p><strong>Gilly : <\/strong>Cece a \u00e9t\u00e9 impliqu\u00e9e dans toutes les d\u00e9cisions de la production. Nous avons eu une excellente relation avec elle, et je suis heureux de dire qu'elle est aujourd'hui une de mes grandes amies. La collaboration avec elle a \u00e9t\u00e9 tr\u00e8s harmonieuse. Elle \u00e9tait curieuse de d\u00e9couvrir l'animation et le processus d'adaptation d'un livre \u00e0 l'\u00e9cran, et elle \u00e9tait ouverte \u00e0 tout.  <\/p>\n\n<p><strong>Mark : <\/strong>D'accord. Personnellement, un moment tr\u00e8s gratifiant pour moi a \u00e9t\u00e9 un courriel que Cece m'a envoy\u00e9. Je n'avais pas eu beaucoup de contacts individuels avec elle, hormis de petites demandes de r\u00e9vision. Mais \u00e0 la fin du processus de production, elle m'a envoy\u00e9 un courriel tr\u00e8s \u00e9mouvant pour me remercier de mon travail. C'\u00e9tait tellement gratifiant de savoir que Cece avait pris le temps d'exprimer son appr\u00e9ciation.  <\/p>\n\n<p><strong>Gilly :<\/strong> M\u00eame apr\u00e8s la sortie de <em>El Deafo<\/em>, Cece et l'\u00e9quipe de Lighthouse ont entretenu d'excellentes relations. L'ann\u00e9e derni\u00e8re, nous avons \u00e9t\u00e9 ravis d'inviter Cece en tant qu'invit\u00e9e VIP au <em>Kilkenny Animated Festival <\/em>, que nous organisons avec Cartoon Saloon. Le th\u00e8me de cette ann\u00e9e-l\u00e0 \u00e9tait les adaptations et il \u00e9tait merveilleux de revoir Cece en personne et de parler avec elle lors de la conf\u00e9rence \"Look ! Mon livre passe \u00e0 la t\u00e9l\u00e9 !\"<\/p>\n\n<figure class=\"wp-block-image size-large\"><img decoding=\"async\" loading=\"lazy\" src=\"https:\/\/www.toonboom.com\/wp-content\/uploads\/2025\/05\/Gilly-Fogg-and-Cece-Bell-Pictured-at-Kilkenny-Animated-Festival-1024x683.jpg\" alt=\"\" class=\"wp-image-20025\"\/><figcaption class=\"wp-element-caption\">Gilly Fogg (\u00e0 gauche) et Cece Bell (\u00e0 droite) au Kilkenny Animated Festival. Image fournie par Lighthouse Studios.<\/figcaption><\/figure>\n<h2 class=\"wp-block-heading\"><strong>Quels types de repr\u00e9sentations de la perte auditive ont \u00e9t\u00e9 la norme dans l'animation ?  <\/strong><\/h2>\n\n<p><strong>Gilly : <\/strong>Nous n'avions pas vraiment de r\u00e9f\u00e9rences pour une personne sourde dans l'animation. Les seules repr\u00e9sentations que nous avions vues dans des films ou des s\u00e9ries d'animation \u00e9taient des personnages sourds utilis\u00e9s pour la com\u00e9die. Ces repr\u00e9sentations ne sont jamais du point de vue de la personne sourde. Le livre de Cece est tr\u00e8s sp\u00e9cial parce qu'il ne <em>parle<\/em> pas <em>d'<\/em> une personne malentendante, mais qu'il est <em>\u00e9crit par<\/em> une personne malentendante. Nous voulions que l'adaptation d'<em>El Deafo<\/em> soit racont\u00e9e dans la m\u00eame perspective.<\/p>\n\n<p>Cece nous a dit tr\u00e8s t\u00f4t que, d'apr\u00e8s son exp\u00e9rience, la surdit\u00e9 n'est pas synonyme de silence. Il s'agit d'un tas de bruits flous qui n'ont pas beaucoup de sens. Ce n'est pas comme \u00eatre dans un monde parfaitement calme, dans un silence complet.  <\/p>\n\n<p>Nous n'avions peut-\u00eatre pas beaucoup de r\u00e9f\u00e9rences anim\u00e9es lorsque nous avons r\u00e9alis\u00e9 <em>El Deafo<\/em>, mais pendant que nous faisions la s\u00e9rie, d'autres grands projets repr\u00e9sentant l'exp\u00e9rience des sourds ont vu le jour. Par exemple, <em>Sound of Metal<\/em> nous a vraiment \u00e9poustoufl\u00e9s. Nous avons eu le sentiment que le film abordait la repr\u00e9sentation de la surdit\u00e9 d'une mani\u00e8re similaire \u00e0 la n\u00f4tre.  <\/p>\n\n<figure class=\"wp-block-image size-large\"><img decoding=\"async\" loading=\"lazy\" src=\"https:\/\/www.toonboom.com\/wp-content\/uploads\/2025\/05\/El_Deafo_KILKENNY_089-1024x576.jpg\" alt=\"\" class=\"wp-image-20017\"\/><figcaption class=\"wp-element-caption\">Le script d'<em>El Deafo<\/em> utilise une \u00e9chelle de 1 \u00e0 10 pour la distorsion du son, o\u00f9 1 repr\u00e9sente un son non d\u00e9form\u00e9 et 10 un discours inintelligible et des sch\u00e9mas de discours indiscernables.  <\/figcaption><\/figure>\n<h2 class=\"wp-block-heading\"><strong>La conception sonore d'El Deafo permet au public de faire l'exp\u00e9rience du monde de Cece de la m\u00eame mani\u00e8re qu'elle l'exp\u00e9rimente elle-m\u00eame. Pouvez-vous expliquer comment ?<\/strong><\/h2>\n\n<p><strong>Gilly : <\/strong>Le son est primordial dans cette adaptation et l'ensemble du projet de la s\u00e9rie a \u00e9t\u00e9 pilot\u00e9 par le son. Nous avons d'abord construit l'univers sonore, puis nous avons r\u00e9alis\u00e9 le storyboard et l'animation en fonction de ce son. Cela signifiait qu'il fallait inverser le pipeline pour r\u00e9aliser d'abord la bande sonore. Nous n'avions pas encore fait le casting, nous avons donc fait des enregistrements provisoires des voix, gr\u00e2ce \u00e0 l'aide d'amis et de l'\u00e9quipe.  <\/p>\n\n<p>Nous avons ensuite fait appel \u00e0 un concepteur sonore qui nous a fourni un vieux Phonic Ear, l'appareil auditif que Cece utilisait lorsqu'elle \u00e9tait enfant. Il a utilis\u00e9 ces appareils pour d\u00e9terminer la qualit\u00e9 du son lorsque Cece les avait utilis\u00e9s. Cece nous a \u00e9galement envoy\u00e9 de nombreuses r\u00e9f\u00e9rences utiles sur le son d\u00e9grad\u00e9. Cela nous a vraiment aid\u00e9s \u00e0 comprendre comment une personne sourde peut faire l'exp\u00e9rience du monde.  <\/p>\n\n<p>Dans la conception du son, nous avons supprim\u00e9 la clart\u00e9 et cr\u00e9\u00e9 diverses d\u00e9gradations du son. Cece nous a appris que sa perte auditive n'est pas une question de volume. Elle peut entendre les gens parler, mais tout est tellement \u00e9touff\u00e9 et indistinct qu'elle ne peut pas comprendre. Nous avons utilis\u00e9 la conception sonore pour d\u00e9terminer comment elle vit les diff\u00e9rentes personnes et situations en fonction de l'environnement sonore : Y a-t-il plusieurs personnes qui parlent en m\u00eame temps ? La pi\u00e8ce est-elle bruyante et pleine d'\u00e9chos ? Lorsque quelqu'un se d\u00e9tourne de vous et qu'il est impossible de se fier \u00e0 la lecture labiale, que ressentez-vous ? Du point de vue d'une personne malentendante, tous ces \u00e9l\u00e9ments ont un impact consid\u00e9rable.<\/p>\n\n<figure class=\"wp-block-embed is-type-video is-provider-youtube wp-block-embed-youtube wp-embed-aspect-16-9 wp-has-aspect-ratio\"><div class=\"wp-block-embed__wrapper\">\n<iframe title=\"El Deafo \u2014 Inside the Sound Design | Apple TV+\" width=\"500\" height=\"281\" src=\"https:\/\/www.youtube.com\/embed\/NDv8QTGobf4?feature=oembed\" frameborder=\"0\" allow=\"accelerometer; autoplay; clipboard-write; encrypted-media; gyroscope; picture-in-picture; web-share\" referrerpolicy=\"strict-origin-when-cross-origin\" allowfullscreen loading=\"lazy\"><\/iframe>\n<\/div><figcaption class=\"wp-element-caption\">L'auteure et productrice ex\u00e9cutive Cece Bell explique comment sa perte auditive se refl\u00e8te dans <em>El Deafo<\/em>.<\/figcaption><\/figure>\n\n<h2 class=\"wp-block-heading\"><strong>Votre \u00e9quipe a \u00e9galement utilis\u00e9 le sous-titrage pour transmettre l'exp\u00e9rience de Cece en mati\u00e8re de surdit\u00e9. Pouvez-vous expliquer comment ?  <em> <\/em><\/strong><\/h2>\n\n<p><strong>Mark : <\/strong> Les sous-titres \u00e9taient un \u00e9l\u00e9ment essentiel de notre cha\u00eene de production et de la s\u00e9rie finie. Tout au long de la production, nous avons utilis\u00e9 des sous-titres d\u00e9taill\u00e9s pour tenir Cece au courant. Nous avons incorpor\u00e9 des sous-titres d\u00e8s les premi\u00e8res \u00e9tapes de l'animation, et pratiquement tout ce que nous avons fait au montage \u00e9tait accompagn\u00e9 de sous-titres. Nous avons veill\u00e9 \u00e0 ce qu'ils d\u00e9crivent \u00e9galement le son en d\u00e9tail, plut\u00f4t que de se contenter de sous-titrer le dialogue.  <\/p>\n\n<p>Par exemple, dans une sc\u00e8ne o\u00f9 le son est cens\u00e9 \u00eatre inaudible, nous le l\u00e9genderons \"inintelligible\". Dans les sc\u00e8nes o\u00f9 Cece commence \u00e0 entendre de moins en moins, les sous-titres indiqueraient que, bien que l'on puisse toujours entendre les gens parler, ce qu'ils disent n'est pas aussi clair qu'auparavant.  <\/p>\n\n<p>Je n'avais jamais ajout\u00e9 de sous-titres dans le flux de production auparavant, mais toutes les plateformes que nous avons utilis\u00e9es, y compris Storyboard Pro, ont facilit\u00e9 leur <a href=\"https:\/\/docs.toonboom.com\/help\/storyboard-pro-22\/storyboard\/caption\/about-caption.html\">int\u00e9gration<\/a>. J'ai \u00e9galement d\u00e9couvert au cours de ce processus qu'il existe des options pour des bandes sonores alternatives. Les \u00e9diteurs peuvent envisager d'ajouter une bande sonore alternative pour les vid\u00e9os descriptives, par exemple.  <\/p>\n\n<p>Les sous-titres cr\u00e9\u00e9s tout au long de la production ont contribu\u00e9 au processus mais n'ont jamais \u00e9t\u00e9 destin\u00e9s \u00e0 \u00eatre utilis\u00e9s pour la s\u00e9rie. \u00c0 la fin de la production, Apple TV+ a envoy\u00e9 la s\u00e9rie \u00e0 un fournisseur tiers pour qu'il r\u00e9dige les sous-titres en vue de leur diffusion. Ce fournisseur a d\u00e9velopp\u00e9 des sous-titres bas\u00e9s sur le script. Lorsque Cece a vu ces l\u00e9gendes, elle les a r\u00e9\u00e9crites de mani\u00e8re \u00e0 ce qu'elles soient plus contextuelles pour le spectateur sourd. Les l\u00e9gendes qui en r\u00e9sultent sont de v\u00e9ritables \u00e9ditorialisations, elles d\u00e9finissent ce que le son signifie r\u00e9ellement. La cr\u00e9ation de sous-titres aussi d\u00e9taill\u00e9s demande beaucoup de travail, mais les sous-titres de Cece transmettent beaucoup mieux l'histoire \u00e0 un t\u00e9l\u00e9spectateur malentendant.<\/p>\n\n<figure class=\"wp-block-image size-large\"><img decoding=\"async\" loading=\"lazy\" src=\"https:\/\/www.toonboom.com\/wp-content\/uploads\/2025\/05\/image44-82-1-1024x576.jpeg\" alt=\"\" class=\"wp-image-20029\"\/><figcaption class=\"wp-element-caption\">Une premi\u00e8re tentative d'adaptation de la conception des personnages de Cece \u00e0 l'animation. Image fournie par Lighthouse Studios.<\/figcaption><\/figure>\n<h2 class=\"wp-block-heading\"><strong>Pouvez-vous d\u00e9crire le style d'animation d'<em>El Deafo<\/em> et la mani\u00e8re dont vous l'avez obtenu ?<\/strong><\/h2>\n\n<p><strong>Gilly : <\/strong>Nous avons une \u00e9quipe d'animation vraiment formidable ici \u00e0 Lighthouse. Les s\u00e9ries que nous avons cr\u00e9\u00e9es, comme The Cuphead Show et <em>Bug Diaries<\/em>, nous ont permis d'\u00eatre tr\u00e8s \u00e0 l'aise avec les animations stylis\u00e9es et fluides. Pour <em>El Deafo<\/em>, nous avons opt\u00e9 pour un style d'interpr\u00e9tation naturaliste et subtil. Nous ne voulions pas qu'il soit trop stylis\u00e9. L'objectif \u00e9tait de faire en sorte que l'animation reste discr\u00e8te et att\u00e9nu\u00e9e, car nous voulions laisser \u00e0 la conception sonore le soin de raconter l'essentiel de l'histoire.  <\/p>\n\n<p><strong>Mark : <\/strong>Il \u00e9tait vraiment fascinant de voir le contraste entre <em>The Cuphead Show<\/em> et <em>El Deafo<\/em>, sachant que l'animation a \u00e9t\u00e9 r\u00e9alis\u00e9e dans le m\u00eame studio. <em>The Cuphead Show<\/em> est une s\u00e9rie tr\u00e8s bruyante et dynamique qui comporte beaucoup d'animations \u00e9labor\u00e9es. Le fait de s'\u00e9loigner de ce projet pour travailler ensuite sur <em>El Deafo<\/em>, o\u00f9 le style d'animation \u00e9tait d\u00e9lib\u00e9r\u00e9ment discret, a vraiment soulign\u00e9 le contraste entre les deux styles de narration.  <\/p>\n\n<h2 class=\"wp-block-heading\"><strong>Quel a \u00e9t\u00e9 l'accueil r\u00e9serv\u00e9 \u00e0 El Deafo jusqu'\u00e0 pr\u00e9sent ?<\/strong><\/h2>\n\n<p><strong>Gilly : <\/strong>C'est merveilleux ! Les nominations pour des prix comme le Peabody et l'Emmy sont vraiment gratifiantes et gagner le prix BAFTA pour Content for Change a \u00e9t\u00e9 extraordinaire - d'autant plus que Cece est venue \u00e0 Londres pour la c\u00e9r\u00e9monie, c'\u00e9tait donc une soir\u00e9e tr\u00e8s sp\u00e9ciale. Le plus important, c'est que les enfants le regardent. Il peut \u00eatre difficile pour un spectacle \"discret\" de trouver un public. Nous esp\u00e9rons qu'il touche beaucoup d'enfants et qu'ils l'appr\u00e9cient.  <\/p>\n\n<p>En septembre, nous avons pr\u00e9sent\u00e9 <em>El Deafo<\/em> \u00e0 un public de la communaut\u00e9 locale \u00e0 l'occasion de la Nuit de la culture, une c\u00e9l\u00e9bration nationale annuelle de la culture en Irlande. La s\u00e9rie est destin\u00e9e \u00e0 \u00eatre appr\u00e9ci\u00e9e par tous les \u00e2ges, mais il s'agit en r\u00e9alit\u00e9 d'une s\u00e9rie pour les enfants. Ce soir-l\u00e0, notre public \u00e9tait compos\u00e9 de personnes d'\u00e2ges tr\u00e8s divers, avec ou sans enfants. Il \u00e9tait incroyable de recevoir des commentaires aussi \u00e9logieux de la part de toutes les personnes pr\u00e9sentes, et de savoir que l'histoire avait trouv\u00e9 un \u00e9cho dans la salle.  <\/p>\n\n<p><strong>Mark :<\/strong> Je suis d'accord, l'accueil a \u00e9t\u00e9 tr\u00e8s bon jusqu'\u00e0 pr\u00e9sent. Ce qui m'a frapp\u00e9, c'est que certains de mes amis ont fait des pieds et des mains pour regarder <em>El Deafo<\/em>. Je travaille dans ce secteur depuis plus de dix ans et, pour \u00eatre honn\u00eate, je me suis habitu\u00e9 au fait que la plupart de mes amis et de ma famille ne regardent pas la plupart des projets sur lesquels je travaille. Mais <em>El Deafo<\/em> a \u00e9t\u00e9 diff\u00e9rent. J'ai un ami qui s'est abonn\u00e9 \u00e0 l'Apple TV+ uniquement pour la regarder. Il est revenu me voir une semaine plus tard pour me dire \u00e0 quel point il avait \u00e9t\u00e9 \u00e9mu par la s\u00e9rie.  <\/p>\n\n<figure class=\"wp-block-embed is-type-video is-provider-youtube wp-block-embed-youtube wp-embed-aspect-16-9 wp-has-aspect-ratio\"><div class=\"wp-block-embed__wrapper\">\n<iframe title=\"El Deafo \u2014 A Note from the Author | Apple TV+\" width=\"500\" height=\"281\" src=\"https:\/\/www.youtube.com\/embed\/DnpGDjfyTiM?feature=oembed\" frameborder=\"0\" allow=\"accelerometer; autoplay; clipboard-write; encrypted-media; gyroscope; picture-in-picture; web-share\" referrerpolicy=\"strict-origin-when-cross-origin\" allowfullscreen loading=\"lazy\"><\/iframe>\n<\/div><figcaption class=\"wp-element-caption\">Cece Bell, auteure et productrice ex\u00e9cutive de El Deafo, explique l'exp\u00e9rience qu'elle a v\u00e9cue dans son enfance avec une perte auditive et comment le personnage de El Deafo devient un super pouvoir gr\u00e2ce \u00e0 ses diff\u00e9rences.<\/figcaption><\/figure>\n\n<h2 class=\"wp-block-heading\"><strong>Quel est le message principal que vous esp\u00e9rez que les spectateurs retiendront en regardant El Deafo ?<\/strong><\/h2>\n\n<p><strong>Gilly : <\/strong>Je pense que ce qui rend <em>El Deafo<\/em> sp\u00e9cial, c'est que le livre et la s\u00e9rie anim\u00e9e ne pr\u00e9sentent pas <em>seulement <\/em>une perspective sourde. Au fond, l'histoire est celle d'une enfant qui essaie de trouver sa place dans le monde. En regardant <em>El Deafo<\/em>, tous les types de personnes peuvent s'identifier \u00e0 l'exp\u00e9rience de Cece, qui a le sentiment de ne pas \u00eatre \u00e0 sa place, quelle qu'en soit la raison. Cela peut \u00e0 son tour conduire \u00e0 une meilleure compr\u00e9hension de ce que doit \u00eatre la confrontation \u00e0 des obstacles que vous n'avez peut-\u00eatre pas eu \u00e0 affronter vous-m\u00eame. Vous pouvez \u00eatre votre propre champion.<\/p>\n\n<p><strong>Mark : <\/strong>Du point de vue de l'industrie, j'esp\u00e8re qu'en regardant <em>El Deafo<\/em>, les gens apprendront qu'il n'est pas difficile d'inclure une personne handicap\u00e9e dans l'animation. Tout le monde a le droit d'\u00eatre repr\u00e9sent\u00e9, et l'accueil r\u00e9serv\u00e9 \u00e0 cette s\u00e9rie montre que le public souhaite voir des perspectives diverses. Comme l'a mentionn\u00e9 Gilly, les t\u00e9l\u00e9spectateurs peuvent toujours tirer des le\u00e7ons universelles du point de vue de personnes qui sont diff\u00e9rentes d'eux - beaucoup de ces messages sont universels. Avec la technologie dont nous disposons aujourd'hui pour faciliter la production, il n'y a absolument aucune excuse pour ne pas montrer une vari\u00e9t\u00e9 de perspectives dans l'animation.<\/p>\n\n<hr class=\"wp-block-separator has-alpha-channel-opacity\"\/>\n\n<ul class=\"wp-block-list\">\n<li>Vous souhaitez en savoir plus sur <em>El Deafo<\/em>? Ne manquez pas de regarder la s\u00e9rie <a href=\"https:\/\/tv.apple.com\/us\/show\/el-deafo\/umc.cmc.775eomzc9ljfk7bop9shbu7m0\">sur Apple TV+<\/a> et de suivre <a href=\"https:\/\/www.instagram.com\/cecebellbooks\">Cece Bell<\/a> sur Instagram.<\/li>\n\n\n\n<li>\u00cates-vous un super-h\u00e9ros dans le monde de la production d'animation ? N'oubliez pas de consulter la <a href=\"https:\/\/lighthousestudios.ie\/careers\/\">page des carri\u00e8res<\/a> de Lighthouse Studios.<\/li>\n<\/ul>\n","protected":false},"excerpt":{"rendered":"<p>El Deafo est une adaptation prim\u00e9e aux BAFTA des m\u00e9moires graphiques du m\u00eame nom de Cece Bell, best-seller du New York Times, bas\u00e9es sur les exp\u00e9riences de l'auteur qui a grandi avec une perte soudaine de l'ou\u00efe. La mini-s\u00e9rie anim\u00e9e raconte l'histoire d'une jeune fille, Cece, qui apprend \u00e0 naviguer dans le monde apr\u00e8s avoir [&hellip;]<\/p>\n","protected":false},"author":20,"featured_media":4880,"comment_status":"open","ping_status":"open","sticky":false,"template":"","format":"standard","meta":{"_acf_changed":false,"footnotes":""},"categories":[288],"tags":[254,247,129,87,86],"class_list":["post-16754","post","type-post","status-publish","format-standard","has-post-thumbnail","hentry","category-articles","tag-hard-of-hearing-fr","tag-storyboard-pro-2","tag-film-de-these","tag-sourd","tag-decolonization"],"acf":[],"_links":{"self":[{"href":"https:\/\/www.toonboom.com\/fr\/wp-json\/wp\/v2\/posts\/16754","targetHints":{"allow":["GET"]}}],"collection":[{"href":"https:\/\/www.toonboom.com\/fr\/wp-json\/wp\/v2\/posts"}],"about":[{"href":"https:\/\/www.toonboom.com\/fr\/wp-json\/wp\/v2\/types\/post"}],"author":[{"embeddable":true,"href":"https:\/\/www.toonboom.com\/fr\/wp-json\/wp\/v2\/users\/20"}],"replies":[{"embeddable":true,"href":"https:\/\/www.toonboom.com\/fr\/wp-json\/wp\/v2\/comments?post=16754"}],"version-history":[{"count":1,"href":"https:\/\/www.toonboom.com\/fr\/wp-json\/wp\/v2\/posts\/16754\/revisions"}],"predecessor-version":[{"id":16755,"href":"https:\/\/www.toonboom.com\/fr\/wp-json\/wp\/v2\/posts\/16754\/revisions\/16755"}],"wp:featuredmedia":[{"embeddable":true,"href":"https:\/\/www.toonboom.com\/fr\/wp-json\/wp\/v2\/media\/4880"}],"wp:attachment":[{"href":"https:\/\/www.toonboom.com\/fr\/wp-json\/wp\/v2\/media?parent=16754"}],"wp:term":[{"taxonomy":"category","embeddable":true,"href":"https:\/\/www.toonboom.com\/fr\/wp-json\/wp\/v2\/categories?post=16754"},{"taxonomy":"post_tag","embeddable":true,"href":"https:\/\/www.toonboom.com\/fr\/wp-json\/wp\/v2\/tags?post=16754"}],"curies":[{"name":"wp","href":"https:\/\/api.w.org\/{rel}","templated":true}]}}